{"id":1939,"date":"2020-05-22T16:19:00","date_gmt":"2020-05-22T16:19:00","guid":{"rendered":"http:\/\/birgitnilsson.com\/prize\/?p=1939"},"modified":"2021-05-23T13:19:32","modified_gmt":"2021-05-23T13:19:32","slug":"festivalen-i-ravenna-och-riccardo-muti-ateruppvacker-levande-musik-i-italien","status":"publish","type":"post","link":"https:\/\/birgitnilsson.com\/prize\/festivalen-i-ravenna-och-riccardo-muti-ateruppvacker-levande-musik-i-italien\/","title":{"rendered":"Festivalen i Ravenna och Riccardo Muti \u00e5teruppv\u00e4cker levande musik i Italien"},"content":{"rendered":"\n<p>Med invigningen av festivalen i Ravenna, Italien,\u00a0den 21 juni\u00a0\u00e5terv\u00e4nder den\u00a0levande musiken f\u00f6r f\u00f6rsta g\u00e5ngen sedan Covid-19-pandemins b\u00f6rjan. Det sker i enlighet med myndigheternas regler f\u00f6r social\u00a0distansering med obligatoriska ansiktsmasker f\u00f6r alla 250 personer i publiken.<\/p>\n\n\n\n<p>Eftersom unga artister drabbats speciellt h\u00e5rt av pandemin, har arrang\u00f6rerna till festivalen velat s\u00e4kerst\u00e4lla att det \u00e4r dessa unga artister som f\u00f6rst och fr\u00e4mst erbjuds att spela. Det inneb\u00e4r att Luigi Cherubini Youth Orchestra, som skapades av Riccardo Muti 2004 som en grogrund f\u00f6r unga italienska profesionella musiker under 30, kommer genomf\u00f6ra fem olika program denna sommar.<\/p>\n\n\n\n<p>Samtidigt planeras redan 2021 \u00e5rs upplaga av festivalen, som blir en hyllning till Ravennas mest k\u00e4nda hedersmedborgare &#8211; Dante Alighieri, som levde och dog i Ravenna \u00e5r 1321.<\/p>\n","protected":false},"excerpt":{"rendered":"<p>Med invigningen av festivalen i Ravenna, Italien,\u00a0den 21 juni\u00a0\u00e5terv\u00e4nder den\u00a0levande musiken f\u00f6r f\u00f6rsta g\u00e5ngen sedan Covid-19-pandemins b\u00f6rjan. Det sker i enlighet med myndigheternas regler f\u00f6r social\u00a0distansering med obligatoriska ansiktsmasker f\u00f6r alla 250 personer i publiken. Eftersom unga artister drabbats speciellt h\u00e5rt av pandemin, har arrang\u00f6rerna till festivalen velat s\u00e4kerst\u00e4lla att det \u00e4r dessa unga artister [&hellip;]<\/p>\n","protected":false},"author":3,"featured_media":1920,"comment_status":"closed","ping_status":"closed","sticky":false,"template":"","format":"standard","meta":{"_acf_changed":false,"ocean_post_layout":"","ocean_both_sidebars_style":"","ocean_both_sidebars_content_width":0,"ocean_both_sidebars_sidebars_width":0,"ocean_sidebar":"0","ocean_second_sidebar":"0","ocean_disable_margins":"enable","ocean_add_body_class":"","ocean_shortcode_before_top_bar":"","ocean_shortcode_after_top_bar":"","ocean_shortcode_before_header":"","ocean_shortcode_after_header":"","ocean_has_shortcode":"","ocean_shortcode_after_title":"","ocean_shortcode_before_footer_widgets":"","ocean_shortcode_after_footer_widgets":"","ocean_shortcode_before_footer_bottom":"","ocean_shortcode_after_footer_bottom":"","ocean_display_top_bar":"default","ocean_display_header":"default","ocean_header_style":"","ocean_center_header_left_menu":"0","ocean_custom_header_template":"0","ocean_custom_logo":0,"ocean_custom_retina_logo":0,"ocean_custom_logo_max_width":0,"ocean_custom_logo_tablet_max_width":0,"ocean_custom_logo_mobile_max_width":0,"ocean_custom_logo_max_height":0,"ocean_custom_logo_tablet_max_height":0,"ocean_custom_logo_mobile_max_height":0,"ocean_header_custom_menu":"0","ocean_menu_typo_font_family":"0","ocean_menu_typo_font_subset":"","ocean_menu_typo_font_size":0,"ocean_menu_typo_font_size_tablet":0,"ocean_menu_typo_font_size_mobile":0,"ocean_menu_typo_font_size_unit":"px","ocean_menu_typo_font_weight":"","ocean_menu_typo_font_weight_tablet":"","ocean_menu_typo_font_weight_mobile":"","ocean_menu_typo_transform":"","ocean_menu_typo_transform_tablet":"","ocean_menu_typo_transform_mobile":"","ocean_menu_typo_line_height":0,"ocean_menu_typo_line_height_tablet":0,"ocean_menu_typo_line_height_mobile":0,"ocean_menu_typo_line_height_unit":"","ocean_menu_typo_spacing":0,"ocean_menu_typo_spacing_tablet":0,"ocean_menu_typo_spacing_mobile":0,"ocean_menu_typo_spacing_unit":"","ocean_menu_link_color":"","ocean_menu_link_color_hover":"","ocean_menu_link_color_active":"","ocean_menu_link_background":"","ocean_menu_link_hover_background":"","ocean_menu_link_active_background":"","ocean_menu_social_links_bg":"","ocean_menu_social_hover_links_bg":"","ocean_menu_social_links_color":"","ocean_menu_social_hover_links_color":"","ocean_disable_title":"default","ocean_disable_heading":"default","ocean_post_title":"","ocean_post_subheading":"","ocean_post_title_style":"","ocean_post_title_background_color":"","ocean_post_title_background":0,"ocean_post_title_bg_image_position":"","ocean_post_title_bg_image_attachment":"","ocean_post_title_bg_image_repeat":"","ocean_post_title_bg_image_size":"","ocean_post_title_height":0,"ocean_post_title_bg_overlay":0.5,"ocean_post_title_bg_overlay_color":"","ocean_disable_breadcrumbs":"default","ocean_breadcrumbs_color":"","ocean_breadcrumbs_separator_color":"","ocean_breadcrumbs_links_color":"","ocean_breadcrumbs_links_hover_color":"","ocean_display_footer_widgets":"default","ocean_display_footer_bottom":"default","ocean_custom_footer_template":"0","ocean_post_oembed":"","ocean_post_self_hosted_media":"","ocean_post_video_embed":"","ocean_link_format":"","ocean_link_format_target":"self","ocean_quote_format":"","ocean_quote_format_link":"post","ocean_gallery_link_images":"off","ocean_gallery_id":[],"footnotes":""},"categories":[1],"tags":[],"class_list":["post-1939","post","type-post","status-publish","format-standard","has-post-thumbnail","hentry","category-aktuellt","entry","has-media"],"acf":[],"yoast_head":"<!-- This site is optimized with the Yoast SEO plugin v27.4 - https:\/\/yoast.com\/product\/yoast-seo-wordpress\/ -->\n<title>Festivalen i Ravenna och Riccardo Muti \u00e5teruppv\u00e4cker levande musik i Italien - Birgit Nilsson Prize<\/title>\n<meta name=\"robots\" content=\"index, follow, max-snippet:-1, max-image-preview:large, max-video-preview:-1\" \/>\n<link rel=\"canonical\" href=\"https:\/\/birgitnilsson.com\/prize\/festivalen-i-ravenna-och-riccardo-muti-ateruppvacker-levande-musik-i-italien\/\" \/>\n<meta property=\"og:locale\" content=\"sv_SE\" \/>\n<meta property=\"og:type\" content=\"article\" \/>\n<meta property=\"og:title\" content=\"Festivalen i Ravenna och Riccardo Muti \u00e5teruppv\u00e4cker levande musik i Italien - Birgit Nilsson Prize\" \/>\n<meta property=\"og:description\" content=\"Med invigningen av festivalen i Ravenna, Italien,\u00a0den 21 juni\u00a0\u00e5terv\u00e4nder den\u00a0levande musiken f\u00f6r f\u00f6rsta g\u00e5ngen sedan Covid-19-pandemins b\u00f6rjan. Det sker i enlighet med myndigheternas regler f\u00f6r social\u00a0distansering med obligatoriska ansiktsmasker f\u00f6r alla 250 personer i publiken. Eftersom unga artister drabbats speciellt h\u00e5rt av pandemin, har arrang\u00f6rerna till festivalen velat s\u00e4kerst\u00e4lla att det \u00e4r dessa unga artister [&hellip;]\" \/>\n<meta property=\"og:url\" content=\"https:\/\/birgitnilsson.com\/prize\/festivalen-i-ravenna-och-riccardo-muti-ateruppvacker-levande-musik-i-italien\/\" \/>\n<meta property=\"og:site_name\" content=\"Birgit Nilsson Prize\" \/>\n<meta property=\"article:published_time\" content=\"2020-05-22T16:19:00+00:00\" \/>\n<meta property=\"article:modified_time\" content=\"2021-05-23T13:19:32+00:00\" \/>\n<meta property=\"og:image\" content=\"https:\/\/birgitnilsson.com\/prize\/wp-content\/uploads\/sites\/2\/2021\/05\/18081_riccardomutiandluigicherubinichoir_61094.jpg\" \/>\n\t<meta property=\"og:image:width\" content=\"780\" \/>\n\t<meta property=\"og:image:height\" content=\"520\" \/>\n\t<meta property=\"og:image:type\" content=\"image\/jpeg\" \/>\n<meta name=\"twitter:card\" content=\"summary_large_image\" \/>\n<meta name=\"twitter:label1\" content=\"Skriven av\" \/>\n\t<meta name=\"twitter:data1\" content=\"\" \/>\n\t<meta name=\"twitter:label2\" content=\"Ber\u00e4knad l\u00e4stid\" \/>\n\t<meta name=\"twitter:data2\" content=\"1 minut\" \/>\n<script type=\"application\/ld+json\" class=\"yoast-schema-graph\">{\"@context\":\"https:\\\/\\\/schema.org\",\"@graph\":[{\"@type\":\"Article\",\"@id\":\"https:\\\/\\\/birgitnilsson.com\\\/prize\\\/festivalen-i-ravenna-och-riccardo-muti-ateruppvacker-levande-musik-i-italien\\\/#article\",\"isPartOf\":{\"@id\":\"https:\\\/\\\/birgitnilsson.com\\\/prize\\\/festivalen-i-ravenna-och-riccardo-muti-ateruppvacker-levande-musik-i-italien\\\/\"},\"author\":{\"name\":\"\",\"@id\":\"\"},\"headline\":\"Festivalen i Ravenna och Riccardo Muti \u00e5teruppv\u00e4cker levande musik i Italien\",\"datePublished\":\"2020-05-22T16:19:00+00:00\",\"dateModified\":\"2021-05-23T13:19:32+00:00\",\"mainEntityOfPage\":{\"@id\":\"https:\\\/\\\/birgitnilsson.com\\\/prize\\\/festivalen-i-ravenna-och-riccardo-muti-ateruppvacker-levande-musik-i-italien\\\/\"},\"wordCount\":148,\"publisher\":{\"@id\":\"https:\\\/\\\/birgitnilsson.com\\\/prize\\\/#organization\"},\"image\":{\"@id\":\"https:\\\/\\\/birgitnilsson.com\\\/prize\\\/festivalen-i-ravenna-och-riccardo-muti-ateruppvacker-levande-musik-i-italien\\\/#primaryimage\"},\"thumbnailUrl\":\"https:\\\/\\\/birgitnilsson.com\\\/prize\\\/wp-content\\\/uploads\\\/sites\\\/2\\\/2021\\\/05\\\/18081_riccardomutiandluigicherubinichoir_61094.jpg\",\"articleSection\":[\"Aktuellt\"],\"inLanguage\":\"sv-SE\"},{\"@type\":\"WebPage\",\"@id\":\"https:\\\/\\\/birgitnilsson.com\\\/prize\\\/festivalen-i-ravenna-och-riccardo-muti-ateruppvacker-levande-musik-i-italien\\\/\",\"url\":\"https:\\\/\\\/birgitnilsson.com\\\/prize\\\/festivalen-i-ravenna-och-riccardo-muti-ateruppvacker-levande-musik-i-italien\\\/\",\"name\":\"Festivalen i Ravenna och Riccardo Muti \u00e5teruppv\u00e4cker levande musik i Italien - Birgit Nilsson Prize\",\"isPartOf\":{\"@id\":\"https:\\\/\\\/birgitnilsson.com\\\/prize\\\/#website\"},\"primaryImageOfPage\":{\"@id\":\"https:\\\/\\\/birgitnilsson.com\\\/prize\\\/festivalen-i-ravenna-och-riccardo-muti-ateruppvacker-levande-musik-i-italien\\\/#primaryimage\"},\"image\":{\"@id\":\"https:\\\/\\\/birgitnilsson.com\\\/prize\\\/festivalen-i-ravenna-och-riccardo-muti-ateruppvacker-levande-musik-i-italien\\\/#primaryimage\"},\"thumbnailUrl\":\"https:\\\/\\\/birgitnilsson.com\\\/prize\\\/wp-content\\\/uploads\\\/sites\\\/2\\\/2021\\\/05\\\/18081_riccardomutiandluigicherubinichoir_61094.jpg\",\"datePublished\":\"2020-05-22T16:19:00+00:00\",\"dateModified\":\"2021-05-23T13:19:32+00:00\",\"breadcrumb\":{\"@id\":\"https:\\\/\\\/birgitnilsson.com\\\/prize\\\/festivalen-i-ravenna-och-riccardo-muti-ateruppvacker-levande-musik-i-italien\\\/#breadcrumb\"},\"inLanguage\":\"sv-SE\",\"potentialAction\":[{\"@type\":\"ReadAction\",\"target\":[\"https:\\\/\\\/birgitnilsson.com\\\/prize\\\/festivalen-i-ravenna-och-riccardo-muti-ateruppvacker-levande-musik-i-italien\\\/\"]}]},{\"@type\":\"ImageObject\",\"inLanguage\":\"sv-SE\",\"@id\":\"https:\\\/\\\/birgitnilsson.com\\\/prize\\\/festivalen-i-ravenna-och-riccardo-muti-ateruppvacker-levande-musik-i-italien\\\/#primaryimage\",\"url\":\"https:\\\/\\\/birgitnilsson.com\\\/prize\\\/wp-content\\\/uploads\\\/sites\\\/2\\\/2021\\\/05\\\/18081_riccardomutiandluigicherubinichoir_61094.jpg\",\"contentUrl\":\"https:\\\/\\\/birgitnilsson.com\\\/prize\\\/wp-content\\\/uploads\\\/sites\\\/2\\\/2021\\\/05\\\/18081_riccardomutiandluigicherubinichoir_61094.jpg\",\"width\":780,\"height\":520},{\"@type\":\"BreadcrumbList\",\"@id\":\"https:\\\/\\\/birgitnilsson.com\\\/prize\\\/festivalen-i-ravenna-och-riccardo-muti-ateruppvacker-levande-musik-i-italien\\\/#breadcrumb\",\"itemListElement\":[{\"@type\":\"ListItem\",\"position\":1,\"name\":\"Hem\",\"item\":\"https:\\\/\\\/birgitnilsson.com\\\/prize\\\/\"},{\"@type\":\"ListItem\",\"position\":2,\"name\":\"Festivalen i Ravenna och Riccardo Muti \u00e5teruppv\u00e4cker levande musik i Italien\"}]},{\"@type\":\"WebSite\",\"@id\":\"https:\\\/\\\/birgitnilsson.com\\\/prize\\\/#website\",\"url\":\"https:\\\/\\\/birgitnilsson.com\\\/prize\\\/\",\"name\":\"Birgit Nilsson Prize\",\"description\":\"The official website\",\"publisher\":{\"@id\":\"https:\\\/\\\/birgitnilsson.com\\\/prize\\\/#organization\"},\"potentialAction\":[{\"@type\":\"SearchAction\",\"target\":{\"@type\":\"EntryPoint\",\"urlTemplate\":\"https:\\\/\\\/birgitnilsson.com\\\/prize\\\/?s={search_term_string}\"},\"query-input\":{\"@type\":\"PropertyValueSpecification\",\"valueRequired\":true,\"valueName\":\"search_term_string\"}}],\"inLanguage\":\"sv-SE\"},{\"@type\":\"Organization\",\"@id\":\"https:\\\/\\\/birgitnilsson.com\\\/prize\\\/#organization\",\"name\":\"Birgit Nilsson Prize\",\"url\":\"https:\\\/\\\/birgitnilsson.com\\\/prize\\\/\",\"logo\":{\"@type\":\"ImageObject\",\"inLanguage\":\"sv-SE\",\"@id\":\"https:\\\/\\\/birgitnilsson.com\\\/prize\\\/#\\\/schema\\\/logo\\\/image\\\/\",\"url\":\"https:\\\/\\\/birgitnilsson.com\\\/prize\\\/wp-content\\\/uploads\\\/sites\\\/2\\\/2021\\\/03\\\/Birgit-Nilsson-logotype-light.png\",\"contentUrl\":\"https:\\\/\\\/birgitnilsson.com\\\/prize\\\/wp-content\\\/uploads\\\/sites\\\/2\\\/2021\\\/03\\\/Birgit-Nilsson-logotype-light.png\",\"width\":876,\"height\":387,\"caption\":\"Birgit Nilsson Prize\"},\"image\":{\"@id\":\"https:\\\/\\\/birgitnilsson.com\\\/prize\\\/#\\\/schema\\\/logo\\\/image\\\/\"}},{\"@type\":\"Person\",\"@id\":\"\",\"url\":\"https:\\\/\\\/birgitnilsson.com\\\/prize\\\/author\\\/\"}]}<\/script>\n<!-- \/ Yoast SEO plugin. -->","yoast_head_json":{"title":"Festivalen i Ravenna och Riccardo Muti \u00e5teruppv\u00e4cker levande musik i Italien - Birgit Nilsson Prize","robots":{"index":"index","follow":"follow","max-snippet":"max-snippet:-1","max-image-preview":"max-image-preview:large","max-video-preview":"max-video-preview:-1"},"canonical":"https:\/\/birgitnilsson.com\/prize\/festivalen-i-ravenna-och-riccardo-muti-ateruppvacker-levande-musik-i-italien\/","og_locale":"sv_SE","og_type":"article","og_title":"Festivalen i Ravenna och Riccardo Muti \u00e5teruppv\u00e4cker levande musik i Italien - Birgit Nilsson Prize","og_description":"Med invigningen av festivalen i Ravenna, Italien,\u00a0den 21 juni\u00a0\u00e5terv\u00e4nder den\u00a0levande musiken f\u00f6r f\u00f6rsta g\u00e5ngen sedan Covid-19-pandemins b\u00f6rjan. Det sker i enlighet med myndigheternas regler f\u00f6r social\u00a0distansering med obligatoriska ansiktsmasker f\u00f6r alla 250 personer i publiken. Eftersom unga artister drabbats speciellt h\u00e5rt av pandemin, har arrang\u00f6rerna till festivalen velat s\u00e4kerst\u00e4lla att det \u00e4r dessa unga artister [&hellip;]","og_url":"https:\/\/birgitnilsson.com\/prize\/festivalen-i-ravenna-och-riccardo-muti-ateruppvacker-levande-musik-i-italien\/","og_site_name":"Birgit Nilsson Prize","article_published_time":"2020-05-22T16:19:00+00:00","article_modified_time":"2021-05-23T13:19:32+00:00","og_image":[{"width":780,"height":520,"url":"https:\/\/birgitnilsson.com\/prize\/wp-content\/uploads\/sites\/2\/2021\/05\/18081_riccardomutiandluigicherubinichoir_61094.jpg","type":"image\/jpeg"}],"twitter_card":"summary_large_image","twitter_misc":{"Skriven av":"","Ber\u00e4knad l\u00e4stid":"1 minut"},"schema":{"@context":"https:\/\/schema.org","@graph":[{"@type":"Article","@id":"https:\/\/birgitnilsson.com\/prize\/festivalen-i-ravenna-och-riccardo-muti-ateruppvacker-levande-musik-i-italien\/#article","isPartOf":{"@id":"https:\/\/birgitnilsson.com\/prize\/festivalen-i-ravenna-och-riccardo-muti-ateruppvacker-levande-musik-i-italien\/"},"author":{"name":"","@id":""},"headline":"Festivalen i Ravenna och Riccardo Muti \u00e5teruppv\u00e4cker levande musik i Italien","datePublished":"2020-05-22T16:19:00+00:00","dateModified":"2021-05-23T13:19:32+00:00","mainEntityOfPage":{"@id":"https:\/\/birgitnilsson.com\/prize\/festivalen-i-ravenna-och-riccardo-muti-ateruppvacker-levande-musik-i-italien\/"},"wordCount":148,"publisher":{"@id":"https:\/\/birgitnilsson.com\/prize\/#organization"},"image":{"@id":"https:\/\/birgitnilsson.com\/prize\/festivalen-i-ravenna-och-riccardo-muti-ateruppvacker-levande-musik-i-italien\/#primaryimage"},"thumbnailUrl":"https:\/\/birgitnilsson.com\/prize\/wp-content\/uploads\/sites\/2\/2021\/05\/18081_riccardomutiandluigicherubinichoir_61094.jpg","articleSection":["Aktuellt"],"inLanguage":"sv-SE"},{"@type":"WebPage","@id":"https:\/\/birgitnilsson.com\/prize\/festivalen-i-ravenna-och-riccardo-muti-ateruppvacker-levande-musik-i-italien\/","url":"https:\/\/birgitnilsson.com\/prize\/festivalen-i-ravenna-och-riccardo-muti-ateruppvacker-levande-musik-i-italien\/","name":"Festivalen i Ravenna och Riccardo Muti \u00e5teruppv\u00e4cker levande musik i Italien - Birgit Nilsson Prize","isPartOf":{"@id":"https:\/\/birgitnilsson.com\/prize\/#website"},"primaryImageOfPage":{"@id":"https:\/\/birgitnilsson.com\/prize\/festivalen-i-ravenna-och-riccardo-muti-ateruppvacker-levande-musik-i-italien\/#primaryimage"},"image":{"@id":"https:\/\/birgitnilsson.com\/prize\/festivalen-i-ravenna-och-riccardo-muti-ateruppvacker-levande-musik-i-italien\/#primaryimage"},"thumbnailUrl":"https:\/\/birgitnilsson.com\/prize\/wp-content\/uploads\/sites\/2\/2021\/05\/18081_riccardomutiandluigicherubinichoir_61094.jpg","datePublished":"2020-05-22T16:19:00+00:00","dateModified":"2021-05-23T13:19:32+00:00","breadcrumb":{"@id":"https:\/\/birgitnilsson.com\/prize\/festivalen-i-ravenna-och-riccardo-muti-ateruppvacker-levande-musik-i-italien\/#breadcrumb"},"inLanguage":"sv-SE","potentialAction":[{"@type":"ReadAction","target":["https:\/\/birgitnilsson.com\/prize\/festivalen-i-ravenna-och-riccardo-muti-ateruppvacker-levande-musik-i-italien\/"]}]},{"@type":"ImageObject","inLanguage":"sv-SE","@id":"https:\/\/birgitnilsson.com\/prize\/festivalen-i-ravenna-och-riccardo-muti-ateruppvacker-levande-musik-i-italien\/#primaryimage","url":"https:\/\/birgitnilsson.com\/prize\/wp-content\/uploads\/sites\/2\/2021\/05\/18081_riccardomutiandluigicherubinichoir_61094.jpg","contentUrl":"https:\/\/birgitnilsson.com\/prize\/wp-content\/uploads\/sites\/2\/2021\/05\/18081_riccardomutiandluigicherubinichoir_61094.jpg","width":780,"height":520},{"@type":"BreadcrumbList","@id":"https:\/\/birgitnilsson.com\/prize\/festivalen-i-ravenna-och-riccardo-muti-ateruppvacker-levande-musik-i-italien\/#breadcrumb","itemListElement":[{"@type":"ListItem","position":1,"name":"Hem","item":"https:\/\/birgitnilsson.com\/prize\/"},{"@type":"ListItem","position":2,"name":"Festivalen i Ravenna och Riccardo Muti \u00e5teruppv\u00e4cker levande musik i Italien"}]},{"@type":"WebSite","@id":"https:\/\/birgitnilsson.com\/prize\/#website","url":"https:\/\/birgitnilsson.com\/prize\/","name":"Birgit Nilsson Prize","description":"The official website","publisher":{"@id":"https:\/\/birgitnilsson.com\/prize\/#organization"},"potentialAction":[{"@type":"SearchAction","target":{"@type":"EntryPoint","urlTemplate":"https:\/\/birgitnilsson.com\/prize\/?s={search_term_string}"},"query-input":{"@type":"PropertyValueSpecification","valueRequired":true,"valueName":"search_term_string"}}],"inLanguage":"sv-SE"},{"@type":"Organization","@id":"https:\/\/birgitnilsson.com\/prize\/#organization","name":"Birgit Nilsson Prize","url":"https:\/\/birgitnilsson.com\/prize\/","logo":{"@type":"ImageObject","inLanguage":"sv-SE","@id":"https:\/\/birgitnilsson.com\/prize\/#\/schema\/logo\/image\/","url":"https:\/\/birgitnilsson.com\/prize\/wp-content\/uploads\/sites\/2\/2021\/03\/Birgit-Nilsson-logotype-light.png","contentUrl":"https:\/\/birgitnilsson.com\/prize\/wp-content\/uploads\/sites\/2\/2021\/03\/Birgit-Nilsson-logotype-light.png","width":876,"height":387,"caption":"Birgit Nilsson Prize"},"image":{"@id":"https:\/\/birgitnilsson.com\/prize\/#\/schema\/logo\/image\/"}},{"@type":"Person","@id":"","url":"https:\/\/birgitnilsson.com\/prize\/author\/"}]}},"_links":{"self":[{"href":"https:\/\/birgitnilsson.com\/prize\/wp-json\/wp\/v2\/posts\/1939","targetHints":{"allow":["GET"]}}],"collection":[{"href":"https:\/\/birgitnilsson.com\/prize\/wp-json\/wp\/v2\/posts"}],"about":[{"href":"https:\/\/birgitnilsson.com\/prize\/wp-json\/wp\/v2\/types\/post"}],"author":[{"embeddable":true,"href":"https:\/\/birgitnilsson.com\/prize\/wp-json\/wp\/v2\/users\/3"}],"replies":[{"embeddable":true,"href":"https:\/\/birgitnilsson.com\/prize\/wp-json\/wp\/v2\/comments?post=1939"}],"version-history":[{"count":4,"href":"https:\/\/birgitnilsson.com\/prize\/wp-json\/wp\/v2\/posts\/1939\/revisions"}],"predecessor-version":[{"id":2343,"href":"https:\/\/birgitnilsson.com\/prize\/wp-json\/wp\/v2\/posts\/1939\/revisions\/2343"}],"wp:featuredmedia":[{"embeddable":true,"href":"https:\/\/birgitnilsson.com\/prize\/wp-json\/wp\/v2\/media\/1920"}],"wp:attachment":[{"href":"https:\/\/birgitnilsson.com\/prize\/wp-json\/wp\/v2\/media?parent=1939"}],"wp:term":[{"taxonomy":"category","embeddable":true,"href":"https:\/\/birgitnilsson.com\/prize\/wp-json\/wp\/v2\/categories?post=1939"},{"taxonomy":"post_tag","embeddable":true,"href":"https:\/\/birgitnilsson.com\/prize\/wp-json\/wp\/v2\/tags?post=1939"}],"curies":[{"name":"wp","href":"https:\/\/api.w.org\/{rel}","templated":true}]}}