{"id":4577,"date":"2023-05-18T09:25:24","date_gmt":"2023-05-18T07:25:24","guid":{"rendered":"https:\/\/birgitnilsson.com\/museum\/?p=4577"},"modified":"2023-05-18T23:10:04","modified_gmt":"2023-05-18T21:10:04","slug":"birthday-celebration-and-the-flag-at-the-top","status":"publish","type":"post","link":"https:\/\/birgitnilsson.com\/museum\/en\/birthday-celebration-and-the-flag-at-the-top\/","title":{"rendered":"Birthday celebration and the flag at the top!"},"content":{"rendered":"\n<p>Birthday, stipendium and the flag at the top! Birgit&#8217;s birthday (105 years) was celebrated with municipal flag day! At 10:00 the flag was raised as usual together with invited guests. This year&#8217;s Birgit Nilsson Stipendium holder was announced at 11 at the museum and it went to the mezzo-soprano Ida R\u00e4nzl\u00f6v who, on August 11, receives SEK 200,000 at a concert in V\u00e4stra Karup&#8217;s church as part of the celebration of the Birgit Nilsson days. Read more about the scholarship here. Birgit Nilsson Museum continued the celebration with an open museum in the afternoon with free entry to this year&#8217;s exhibition. The stable cafe was open and offered the Birgit Nilsson pastries all day!<\/p>\n","protected":false},"excerpt":{"rendered":"<p>Birthday, stipendium and the flag at the top! Birgit&#8217;s birthday (105 years) was celebrated with municipal flag day! At 10:00 the flag was raised as usual together with invited guests. This year&#8217;s Birgit Nilsson Stipendium holder was announced at 11 at the museum and it went to the mezzo-soprano Ida R\u00e4nzl\u00f6v who, on August 11, [&hellip;]<\/p>\n","protected":false},"author":12,"featured_media":4574,"comment_status":"open","ping_status":"open","sticky":false,"template":"","format":"standard","meta":{"_acf_changed":false,"ocean_post_layout":"","ocean_both_sidebars_style":"","ocean_both_sidebars_content_width":0,"ocean_both_sidebars_sidebars_width":0,"ocean_sidebar":"0","ocean_second_sidebar":"0","ocean_disable_margins":"enable","ocean_add_body_class":"","ocean_shortcode_before_top_bar":"","ocean_shortcode_after_top_bar":"","ocean_shortcode_before_header":"","ocean_shortcode_after_header":"","ocean_has_shortcode":"","ocean_shortcode_after_title":"","ocean_shortcode_before_footer_widgets":"","ocean_shortcode_after_footer_widgets":"","ocean_shortcode_before_footer_bottom":"","ocean_shortcode_after_footer_bottom":"","ocean_display_top_bar":"default","ocean_display_header":"default","ocean_header_style":"","ocean_center_header_left_menu":"0","ocean_custom_header_template":"0","ocean_custom_logo":0,"ocean_custom_retina_logo":0,"ocean_custom_logo_max_width":0,"ocean_custom_logo_tablet_max_width":0,"ocean_custom_logo_mobile_max_width":0,"ocean_custom_logo_max_height":0,"ocean_custom_logo_tablet_max_height":0,"ocean_custom_logo_mobile_max_height":0,"ocean_header_custom_menu":"0","ocean_menu_typo_font_family":"0","ocean_menu_typo_font_subset":"","ocean_menu_typo_font_size":0,"ocean_menu_typo_font_size_tablet":0,"ocean_menu_typo_font_size_mobile":0,"ocean_menu_typo_font_size_unit":"px","ocean_menu_typo_font_weight":"","ocean_menu_typo_font_weight_tablet":"","ocean_menu_typo_font_weight_mobile":"","ocean_menu_typo_transform":"","ocean_menu_typo_transform_tablet":"","ocean_menu_typo_transform_mobile":"","ocean_menu_typo_line_height":0,"ocean_menu_typo_line_height_tablet":0,"ocean_menu_typo_line_height_mobile":0,"ocean_menu_typo_line_height_unit":"","ocean_menu_typo_spacing":0,"ocean_menu_typo_spacing_tablet":0,"ocean_menu_typo_spacing_mobile":0,"ocean_menu_typo_spacing_unit":"","ocean_menu_link_color":"","ocean_menu_link_color_hover":"","ocean_menu_link_color_active":"","ocean_menu_link_background":"","ocean_menu_link_hover_background":"","ocean_menu_link_active_background":"","ocean_menu_social_links_bg":"","ocean_menu_social_hover_links_bg":"","ocean_menu_social_links_color":"","ocean_menu_social_hover_links_color":"","ocean_disable_title":"default","ocean_disable_heading":"default","ocean_post_title":"","ocean_post_subheading":"","ocean_post_title_style":"","ocean_post_title_background_color":"","ocean_post_title_background":0,"ocean_post_title_bg_image_position":"","ocean_post_title_bg_image_attachment":"","ocean_post_title_bg_image_repeat":"","ocean_post_title_bg_image_size":"","ocean_post_title_height":0,"ocean_post_title_bg_overlay":0.5,"ocean_post_title_bg_overlay_color":"","ocean_disable_breadcrumbs":"default","ocean_breadcrumbs_color":"","ocean_breadcrumbs_separator_color":"","ocean_breadcrumbs_links_color":"","ocean_breadcrumbs_links_hover_color":"","ocean_display_footer_widgets":"default","ocean_display_footer_bottom":"default","ocean_custom_footer_template":"0","ocean_post_oembed":"","ocean_post_self_hosted_media":"","ocean_post_video_embed":"","ocean_link_format":"","ocean_link_format_target":"self","ocean_quote_format":"","ocean_quote_format_link":"post","ocean_gallery_link_images":"off","ocean_gallery_id":[],"footnotes":""},"categories":[11],"tags":[],"class_list":["post-4577","post","type-post","status-publish","format-standard","has-post-thumbnail","hentry","category-news","entry","has-media"],"acf":[],"yoast_head":"<!-- This site is optimized with the Yoast SEO plugin v27.4 - https:\/\/yoast.com\/product\/yoast-seo-wordpress\/ -->\n<title>Birthday celebration and the flag at the top! - Birgit Nilsson Museum<\/title>\n<meta name=\"robots\" content=\"index, follow, max-snippet:-1, max-image-preview:large, max-video-preview:-1\" \/>\n<link rel=\"canonical\" href=\"https:\/\/birgitnilsson.com\/museum\/en\/birthday-celebration-and-the-flag-at-the-top\/\" \/>\n<meta property=\"og:locale\" content=\"sv_SE\" \/>\n<meta property=\"og:type\" content=\"article\" \/>\n<meta property=\"og:title\" content=\"Birthday celebration and the flag at the top! - Birgit Nilsson Museum\" \/>\n<meta property=\"og:description\" content=\"Birthday, stipendium and the flag at the top! Birgit&#8217;s birthday (105 years) was celebrated with municipal flag day! At 10:00 the flag was raised as usual together with invited guests. This year&#8217;s Birgit Nilsson Stipendium holder was announced at 11 at the museum and it went to the mezzo-soprano Ida R\u00e4nzl\u00f6v who, on August 11, [&hellip;]\" \/>\n<meta property=\"og:url\" content=\"https:\/\/birgitnilsson.com\/museum\/en\/birthday-celebration-and-the-flag-at-the-top\/\" \/>\n<meta property=\"og:site_name\" content=\"Birgit Nilsson Museum\" \/>\n<meta property=\"article:published_time\" content=\"2023-05-18T07:25:24+00:00\" \/>\n<meta property=\"article:modified_time\" content=\"2023-05-18T21:10:04+00:00\" \/>\n<meta property=\"og:image\" content=\"https:\/\/birgitnilsson.com\/museum\/wp-content\/uploads\/sites\/3\/2023\/05\/flagga_17_maj_birgit_nilsson_museum-1024x683.png\" \/>\n\t<meta property=\"og:image:width\" content=\"1024\" \/>\n\t<meta property=\"og:image:height\" content=\"683\" \/>\n\t<meta property=\"og:image:type\" content=\"image\/png\" \/>\n<meta name=\"author\" content=\"gunillahovenas\" \/>\n<meta name=\"twitter:card\" content=\"summary_large_image\" \/>\n<meta name=\"twitter:label1\" content=\"Skriven av\" \/>\n\t<meta name=\"twitter:data1\" content=\"gunillahovenas\" \/>\n\t<meta name=\"twitter:label2\" content=\"Ber\u00e4knad l\u00e4stid\" \/>\n\t<meta name=\"twitter:data2\" content=\"1 minut\" \/>\n<script type=\"application\/ld+json\" class=\"yoast-schema-graph\">{\"@context\":\"https:\\\/\\\/schema.org\",\"@graph\":[{\"@type\":\"Article\",\"@id\":\"https:\\\/\\\/birgitnilsson.com\\\/museum\\\/en\\\/birthday-celebration-and-the-flag-at-the-top\\\/#article\",\"isPartOf\":{\"@id\":\"https:\\\/\\\/birgitnilsson.com\\\/museum\\\/en\\\/birthday-celebration-and-the-flag-at-the-top\\\/\"},\"author\":{\"name\":\"gunillahovenas\",\"@id\":\"https:\\\/\\\/birgitnilsson.com\\\/museum\\\/#\\\/schema\\\/person\\\/f4cc25ede9b1f9e709f2e21214442a0a\"},\"headline\":\"Birthday celebration and the flag at the top!\",\"datePublished\":\"2023-05-18T07:25:24+00:00\",\"dateModified\":\"2023-05-18T21:10:04+00:00\",\"mainEntityOfPage\":{\"@id\":\"https:\\\/\\\/birgitnilsson.com\\\/museum\\\/en\\\/birthday-celebration-and-the-flag-at-the-top\\\/\"},\"wordCount\":124,\"commentCount\":0,\"publisher\":{\"@id\":\"https:\\\/\\\/birgitnilsson.com\\\/museum\\\/#organization\"},\"image\":{\"@id\":\"https:\\\/\\\/birgitnilsson.com\\\/museum\\\/en\\\/birthday-celebration-and-the-flag-at-the-top\\\/#primaryimage\"},\"thumbnailUrl\":\"https:\\\/\\\/birgitnilsson.com\\\/museum\\\/wp-content\\\/uploads\\\/sites\\\/3\\\/2023\\\/05\\\/flagga_17_maj_birgit_nilsson_museum.png\",\"articleSection\":[\"News\"],\"inLanguage\":\"sv-SE\",\"potentialAction\":[{\"@type\":\"CommentAction\",\"name\":\"Comment\",\"target\":[\"https:\\\/\\\/birgitnilsson.com\\\/museum\\\/en\\\/birthday-celebration-and-the-flag-at-the-top\\\/#respond\"]}]},{\"@type\":\"WebPage\",\"@id\":\"https:\\\/\\\/birgitnilsson.com\\\/museum\\\/en\\\/birthday-celebration-and-the-flag-at-the-top\\\/\",\"url\":\"https:\\\/\\\/birgitnilsson.com\\\/museum\\\/en\\\/birthday-celebration-and-the-flag-at-the-top\\\/\",\"name\":\"Birthday celebration and the flag at the top! - Birgit Nilsson Museum\",\"isPartOf\":{\"@id\":\"https:\\\/\\\/birgitnilsson.com\\\/museum\\\/#website\"},\"primaryImageOfPage\":{\"@id\":\"https:\\\/\\\/birgitnilsson.com\\\/museum\\\/en\\\/birthday-celebration-and-the-flag-at-the-top\\\/#primaryimage\"},\"image\":{\"@id\":\"https:\\\/\\\/birgitnilsson.com\\\/museum\\\/en\\\/birthday-celebration-and-the-flag-at-the-top\\\/#primaryimage\"},\"thumbnailUrl\":\"https:\\\/\\\/birgitnilsson.com\\\/museum\\\/wp-content\\\/uploads\\\/sites\\\/3\\\/2023\\\/05\\\/flagga_17_maj_birgit_nilsson_museum.png\",\"datePublished\":\"2023-05-18T07:25:24+00:00\",\"dateModified\":\"2023-05-18T21:10:04+00:00\",\"breadcrumb\":{\"@id\":\"https:\\\/\\\/birgitnilsson.com\\\/museum\\\/en\\\/birthday-celebration-and-the-flag-at-the-top\\\/#breadcrumb\"},\"inLanguage\":\"sv-SE\",\"potentialAction\":[{\"@type\":\"ReadAction\",\"target\":[\"https:\\\/\\\/birgitnilsson.com\\\/museum\\\/en\\\/birthday-celebration-and-the-flag-at-the-top\\\/\"]}]},{\"@type\":\"ImageObject\",\"inLanguage\":\"sv-SE\",\"@id\":\"https:\\\/\\\/birgitnilsson.com\\\/museum\\\/en\\\/birthday-celebration-and-the-flag-at-the-top\\\/#primaryimage\",\"url\":\"https:\\\/\\\/birgitnilsson.com\\\/museum\\\/wp-content\\\/uploads\\\/sites\\\/3\\\/2023\\\/05\\\/flagga_17_maj_birgit_nilsson_museum.png\",\"contentUrl\":\"https:\\\/\\\/birgitnilsson.com\\\/museum\\\/wp-content\\\/uploads\\\/sites\\\/3\\\/2023\\\/05\\\/flagga_17_maj_birgit_nilsson_museum.png\",\"width\":1800,\"height\":1200},{\"@type\":\"BreadcrumbList\",\"@id\":\"https:\\\/\\\/birgitnilsson.com\\\/museum\\\/en\\\/birthday-celebration-and-the-flag-at-the-top\\\/#breadcrumb\",\"itemListElement\":[{\"@type\":\"ListItem\",\"position\":1,\"name\":\"Hem\",\"item\":\"https:\\\/\\\/birgitnilsson.com\\\/museum\\\/\"},{\"@type\":\"ListItem\",\"position\":2,\"name\":\"Birthday celebration and the flag at the top!\"}]},{\"@type\":\"WebSite\",\"@id\":\"https:\\\/\\\/birgitnilsson.com\\\/museum\\\/#website\",\"url\":\"https:\\\/\\\/birgitnilsson.com\\\/museum\\\/\",\"name\":\"Birgit Nilsson Museum\",\"description\":\"The official website\",\"publisher\":{\"@id\":\"https:\\\/\\\/birgitnilsson.com\\\/museum\\\/#organization\"},\"potentialAction\":[{\"@type\":\"SearchAction\",\"target\":{\"@type\":\"EntryPoint\",\"urlTemplate\":\"https:\\\/\\\/birgitnilsson.com\\\/museum\\\/?s={search_term_string}\"},\"query-input\":{\"@type\":\"PropertyValueSpecification\",\"valueRequired\":true,\"valueName\":\"search_term_string\"}}],\"inLanguage\":\"sv-SE\"},{\"@type\":\"Organization\",\"@id\":\"https:\\\/\\\/birgitnilsson.com\\\/museum\\\/#organization\",\"name\":\"Birgit Nilsson Museum\",\"url\":\"https:\\\/\\\/birgitnilsson.com\\\/museum\\\/\",\"logo\":{\"@type\":\"ImageObject\",\"inLanguage\":\"sv-SE\",\"@id\":\"https:\\\/\\\/birgitnilsson.com\\\/museum\\\/#\\\/schema\\\/logo\\\/image\\\/\",\"url\":\"https:\\\/\\\/birgitnilsson.com\\\/museum\\\/wp-content\\\/uploads\\\/sites\\\/3\\\/2021\\\/03\\\/Birgit-Nilsson-logotype-light.png\",\"contentUrl\":\"https:\\\/\\\/birgitnilsson.com\\\/museum\\\/wp-content\\\/uploads\\\/sites\\\/3\\\/2021\\\/03\\\/Birgit-Nilsson-logotype-light.png\",\"width\":876,\"height\":387,\"caption\":\"Birgit Nilsson Museum\"},\"image\":{\"@id\":\"https:\\\/\\\/birgitnilsson.com\\\/museum\\\/#\\\/schema\\\/logo\\\/image\\\/\"}},{\"@type\":\"Person\",\"@id\":\"https:\\\/\\\/birgitnilsson.com\\\/museum\\\/#\\\/schema\\\/person\\\/f4cc25ede9b1f9e709f2e21214442a0a\",\"name\":\"gunillahovenas\",\"image\":{\"@type\":\"ImageObject\",\"inLanguage\":\"sv-SE\",\"@id\":\"https:\\\/\\\/secure.gravatar.com\\\/avatar\\\/b0d7a0728e7d5b4aed25fb497a347c31084cdbd08f44dcbe7948475f5fff2031?s=96&d=mm&r=g\",\"url\":\"https:\\\/\\\/secure.gravatar.com\\\/avatar\\\/b0d7a0728e7d5b4aed25fb497a347c31084cdbd08f44dcbe7948475f5fff2031?s=96&d=mm&r=g\",\"contentUrl\":\"https:\\\/\\\/secure.gravatar.com\\\/avatar\\\/b0d7a0728e7d5b4aed25fb497a347c31084cdbd08f44dcbe7948475f5fff2031?s=96&d=mm&r=g\",\"caption\":\"gunillahovenas\"},\"url\":\"https:\\\/\\\/birgitnilsson.com\\\/museum\\\/author\\\/gunillahovenas\\\/\"}]}<\/script>\n<!-- \/ Yoast SEO plugin. -->","yoast_head_json":{"title":"Birthday celebration and the flag at the top! - Birgit Nilsson Museum","robots":{"index":"index","follow":"follow","max-snippet":"max-snippet:-1","max-image-preview":"max-image-preview:large","max-video-preview":"max-video-preview:-1"},"canonical":"https:\/\/birgitnilsson.com\/museum\/en\/birthday-celebration-and-the-flag-at-the-top\/","og_locale":"sv_SE","og_type":"article","og_title":"Birthday celebration and the flag at the top! - Birgit Nilsson Museum","og_description":"Birthday, stipendium and the flag at the top! Birgit&#8217;s birthday (105 years) was celebrated with municipal flag day! At 10:00 the flag was raised as usual together with invited guests. This year&#8217;s Birgit Nilsson Stipendium holder was announced at 11 at the museum and it went to the mezzo-soprano Ida R\u00e4nzl\u00f6v who, on August 11, [&hellip;]","og_url":"https:\/\/birgitnilsson.com\/museum\/en\/birthday-celebration-and-the-flag-at-the-top\/","og_site_name":"Birgit Nilsson Museum","article_published_time":"2023-05-18T07:25:24+00:00","article_modified_time":"2023-05-18T21:10:04+00:00","og_image":[{"width":1024,"height":683,"url":"https:\/\/birgitnilsson.com\/museum\/wp-content\/uploads\/sites\/3\/2023\/05\/flagga_17_maj_birgit_nilsson_museum-1024x683.png","type":"image\/png"}],"author":"gunillahovenas","twitter_card":"summary_large_image","twitter_misc":{"Skriven av":"gunillahovenas","Ber\u00e4knad l\u00e4stid":"1 minut"},"schema":{"@context":"https:\/\/schema.org","@graph":[{"@type":"Article","@id":"https:\/\/birgitnilsson.com\/museum\/en\/birthday-celebration-and-the-flag-at-the-top\/#article","isPartOf":{"@id":"https:\/\/birgitnilsson.com\/museum\/en\/birthday-celebration-and-the-flag-at-the-top\/"},"author":{"name":"gunillahovenas","@id":"https:\/\/birgitnilsson.com\/museum\/#\/schema\/person\/f4cc25ede9b1f9e709f2e21214442a0a"},"headline":"Birthday celebration and the flag at the top!","datePublished":"2023-05-18T07:25:24+00:00","dateModified":"2023-05-18T21:10:04+00:00","mainEntityOfPage":{"@id":"https:\/\/birgitnilsson.com\/museum\/en\/birthday-celebration-and-the-flag-at-the-top\/"},"wordCount":124,"commentCount":0,"publisher":{"@id":"https:\/\/birgitnilsson.com\/museum\/#organization"},"image":{"@id":"https:\/\/birgitnilsson.com\/museum\/en\/birthday-celebration-and-the-flag-at-the-top\/#primaryimage"},"thumbnailUrl":"https:\/\/birgitnilsson.com\/museum\/wp-content\/uploads\/sites\/3\/2023\/05\/flagga_17_maj_birgit_nilsson_museum.png","articleSection":["News"],"inLanguage":"sv-SE","potentialAction":[{"@type":"CommentAction","name":"Comment","target":["https:\/\/birgitnilsson.com\/museum\/en\/birthday-celebration-and-the-flag-at-the-top\/#respond"]}]},{"@type":"WebPage","@id":"https:\/\/birgitnilsson.com\/museum\/en\/birthday-celebration-and-the-flag-at-the-top\/","url":"https:\/\/birgitnilsson.com\/museum\/en\/birthday-celebration-and-the-flag-at-the-top\/","name":"Birthday celebration and the flag at the top! - Birgit Nilsson Museum","isPartOf":{"@id":"https:\/\/birgitnilsson.com\/museum\/#website"},"primaryImageOfPage":{"@id":"https:\/\/birgitnilsson.com\/museum\/en\/birthday-celebration-and-the-flag-at-the-top\/#primaryimage"},"image":{"@id":"https:\/\/birgitnilsson.com\/museum\/en\/birthday-celebration-and-the-flag-at-the-top\/#primaryimage"},"thumbnailUrl":"https:\/\/birgitnilsson.com\/museum\/wp-content\/uploads\/sites\/3\/2023\/05\/flagga_17_maj_birgit_nilsson_museum.png","datePublished":"2023-05-18T07:25:24+00:00","dateModified":"2023-05-18T21:10:04+00:00","breadcrumb":{"@id":"https:\/\/birgitnilsson.com\/museum\/en\/birthday-celebration-and-the-flag-at-the-top\/#breadcrumb"},"inLanguage":"sv-SE","potentialAction":[{"@type":"ReadAction","target":["https:\/\/birgitnilsson.com\/museum\/en\/birthday-celebration-and-the-flag-at-the-top\/"]}]},{"@type":"ImageObject","inLanguage":"sv-SE","@id":"https:\/\/birgitnilsson.com\/museum\/en\/birthday-celebration-and-the-flag-at-the-top\/#primaryimage","url":"https:\/\/birgitnilsson.com\/museum\/wp-content\/uploads\/sites\/3\/2023\/05\/flagga_17_maj_birgit_nilsson_museum.png","contentUrl":"https:\/\/birgitnilsson.com\/museum\/wp-content\/uploads\/sites\/3\/2023\/05\/flagga_17_maj_birgit_nilsson_museum.png","width":1800,"height":1200},{"@type":"BreadcrumbList","@id":"https:\/\/birgitnilsson.com\/museum\/en\/birthday-celebration-and-the-flag-at-the-top\/#breadcrumb","itemListElement":[{"@type":"ListItem","position":1,"name":"Hem","item":"https:\/\/birgitnilsson.com\/museum\/"},{"@type":"ListItem","position":2,"name":"Birthday celebration and the flag at the top!"}]},{"@type":"WebSite","@id":"https:\/\/birgitnilsson.com\/museum\/#website","url":"https:\/\/birgitnilsson.com\/museum\/","name":"Birgit Nilsson Museum","description":"The official website","publisher":{"@id":"https:\/\/birgitnilsson.com\/museum\/#organization"},"potentialAction":[{"@type":"SearchAction","target":{"@type":"EntryPoint","urlTemplate":"https:\/\/birgitnilsson.com\/museum\/?s={search_term_string}"},"query-input":{"@type":"PropertyValueSpecification","valueRequired":true,"valueName":"search_term_string"}}],"inLanguage":"sv-SE"},{"@type":"Organization","@id":"https:\/\/birgitnilsson.com\/museum\/#organization","name":"Birgit Nilsson Museum","url":"https:\/\/birgitnilsson.com\/museum\/","logo":{"@type":"ImageObject","inLanguage":"sv-SE","@id":"https:\/\/birgitnilsson.com\/museum\/#\/schema\/logo\/image\/","url":"https:\/\/birgitnilsson.com\/museum\/wp-content\/uploads\/sites\/3\/2021\/03\/Birgit-Nilsson-logotype-light.png","contentUrl":"https:\/\/birgitnilsson.com\/museum\/wp-content\/uploads\/sites\/3\/2021\/03\/Birgit-Nilsson-logotype-light.png","width":876,"height":387,"caption":"Birgit Nilsson Museum"},"image":{"@id":"https:\/\/birgitnilsson.com\/museum\/#\/schema\/logo\/image\/"}},{"@type":"Person","@id":"https:\/\/birgitnilsson.com\/museum\/#\/schema\/person\/f4cc25ede9b1f9e709f2e21214442a0a","name":"gunillahovenas","image":{"@type":"ImageObject","inLanguage":"sv-SE","@id":"https:\/\/secure.gravatar.com\/avatar\/b0d7a0728e7d5b4aed25fb497a347c31084cdbd08f44dcbe7948475f5fff2031?s=96&d=mm&r=g","url":"https:\/\/secure.gravatar.com\/avatar\/b0d7a0728e7d5b4aed25fb497a347c31084cdbd08f44dcbe7948475f5fff2031?s=96&d=mm&r=g","contentUrl":"https:\/\/secure.gravatar.com\/avatar\/b0d7a0728e7d5b4aed25fb497a347c31084cdbd08f44dcbe7948475f5fff2031?s=96&d=mm&r=g","caption":"gunillahovenas"},"url":"https:\/\/birgitnilsson.com\/museum\/author\/gunillahovenas\/"}]}},"_links":{"self":[{"href":"https:\/\/birgitnilsson.com\/museum\/wp-json\/wp\/v2\/posts\/4577","targetHints":{"allow":["GET"]}}],"collection":[{"href":"https:\/\/birgitnilsson.com\/museum\/wp-json\/wp\/v2\/posts"}],"about":[{"href":"https:\/\/birgitnilsson.com\/museum\/wp-json\/wp\/v2\/types\/post"}],"author":[{"embeddable":true,"href":"https:\/\/birgitnilsson.com\/museum\/wp-json\/wp\/v2\/users\/12"}],"replies":[{"embeddable":true,"href":"https:\/\/birgitnilsson.com\/museum\/wp-json\/wp\/v2\/comments?post=4577"}],"version-history":[{"count":1,"href":"https:\/\/birgitnilsson.com\/museum\/wp-json\/wp\/v2\/posts\/4577\/revisions"}],"predecessor-version":[{"id":4578,"href":"https:\/\/birgitnilsson.com\/museum\/wp-json\/wp\/v2\/posts\/4577\/revisions\/4578"}],"wp:featuredmedia":[{"embeddable":true,"href":"https:\/\/birgitnilsson.com\/museum\/wp-json\/wp\/v2\/media\/4574"}],"wp:attachment":[{"href":"https:\/\/birgitnilsson.com\/museum\/wp-json\/wp\/v2\/media?parent=4577"}],"wp:term":[{"taxonomy":"category","embeddable":true,"href":"https:\/\/birgitnilsson.com\/museum\/wp-json\/wp\/v2\/categories?post=4577"},{"taxonomy":"post_tag","embeddable":true,"href":"https:\/\/birgitnilsson.com\/museum\/wp-json\/wp\/v2\/tags?post=4577"}],"curies":[{"name":"wp","href":"https:\/\/api.w.org\/{rel}","templated":true}]}}